{"id":9738,"date":"2020-03-12T00:54:41","date_gmt":"2020-03-12T06:54:41","guid":{"rendered":"https:\/\/www.capitalidea.org\/graduate-spotlight-aida-nacro\/"},"modified":"2025-07-28T12:26:41","modified_gmt":"2025-07-28T18:26:41","slug":"graduate-spotlight-aida-nacro","status":"publish","type":"post","link":"https:\/\/www.capitalidea.org\/es\/graduate-spotlight-aida-nacro\/","title":{"rendered":"Graduate Spotlight: Aida Nacro, Premio Mark Melliar-Smith al Liderazgo"},"content":{"rendered":"<div style=\"width: 100%; margin-bottom: 20px; border-bottom: 2px solid #ff9e16; text-align: left;\">\n<p style=\"color:#888888;\">11 DE MARZO DE 2020<\/p><\/div>\n<p><em>Este centro de atenci\u00f3n es una transcripci\u00f3n del discurso de aceptaci\u00f3n pronunciado por Aida Nacro en el almuerzo de Celebraci\u00f3n de Logros de Capital IDEA el 5 de marzo de 2020. Aida recibi\u00f3 el Premio al Liderazgo Mark Melliar-Smith, presentado por Alyssia Palacio-Woods.<br \/>\n<\/em><\/p>\n<p><strong>ENTREGA DE PREMIOS<\/strong><br \/>\n<a href=\"#Aida\">&nbsp;&nbsp;<small><em>saltar al discurso de Aida<\/em><\/small><\/a><\/p>\n<p>Hola, me llamo Alyssia Palacio-Woods. Soy Presidenta y Consejera Delegada de Austin Young Chamber y miembro del Consejo de Capital IDEA. Este a\u00f1o, tengo el honor de presentar el Premio al Liderazgo Mark Melliar-Smith. Este premio fue creado para honrar y cultivar la tradici\u00f3n de liderazgo entre los estudiantes y graduados de Capital IDEA. Lleva el nombre del antiguo miembro de la Junta Mark Melliar-Smith, cuyo nivel de implicaci\u00f3n y dedicaci\u00f3n durante sus doce a\u00f1os en la Junta sirve como ejemplo de excelencia en el liderazgo.<\/p>\n<p>El premio de este a\u00f1o es para Aida Nacro.<\/p>\n<p><img loading=\"lazy\" decoding=\"async\" class=\"aligncenter wp-image-35484\" style=\"float: right; margin-left: 25px;\" src=\"https:\/\/www.capitalidea.org\/wp-content\/uploads\/2025\/07\/Aida-at-work-scaled-2.jpg\" alt=\"\" width=\"275\" height=\"367\" \/><\/p>\n<p>Aida se gradu\u00f3 de Austin Community College en 2016 como Administradora de Redes. Aida sab\u00eda que quer\u00eda una carrera trabajando con computadoras, pero obst\u00e1culos en su vida le impidieron seguir ese sue\u00f1o. Entonces aplic\u00f3 a Capital IDEA donde demostr\u00f3 enfoque, determinaci\u00f3n y un alto nivel de motivaci\u00f3n.<\/p>\n<p>Despu\u00e9s de su graduaci\u00f3n, Aida hizo tiempo en su apretada agenda para abogar por Capital IDEA, participando en reuniones de rendici\u00f3n de cuentas con funcionarios locales, visitando el Capitolio del Estado, y representando a Capital IDEA en eventos con socios de financiaci\u00f3n. Aida tambi\u00e9n fue miembro y contribuyente clave del Comit\u00e9 de Acci\u00f3n de TI, una colaboraci\u00f3n comunitaria que trabaj\u00f3 durante dos a\u00f1os para abordar una necesidad cr\u00edtica de trabajadores de TI capacitados para cubrir puestos vacantes. El comit\u00e9 dio grandes pasos en la mejora de la capacidad de nuestra comunidad para proporcionar la formaci\u00f3n adecuada y hacer crecer una mano de obra local de TI.<\/p>\n<p>Aida tambi\u00e9n ha asumido un papel de liderazgo en la Asociaci\u00f3n de Antiguos Alumnos de Capital IDEA. <a name=\"Aida\"><\/a>Ha conseguido todo esto a la vez que trabajaba a tiempo completo como administradora de redes, criaba a sus dos hijos como madre soltera y se licenciaba en Inform\u00e1tica.<\/p>\n<p>Aida, acepta este premio en reconocimiento a tu liderazgo apasionado y firme.<\/p>\n<p><strong>DISCURSO DE ACEPTACI\u00d3N DE AIDA NACRO<\/strong><\/p>\n<p><img loading=\"lazy\" decoding=\"async\" class=\"aligncenter wp-image-35496\" style=\"float: left; margin-right: 25px;\" src=\"https:\/\/www.capitalidea.org\/wp-content\/uploads\/2025\/07\/Aida_crop-1-249x300.jpg\" alt=\"\" width=\"275\" height=\"332\" \/>Hola, me llamo Aida Nacro y me alegro de estar hoy aqu\u00ed. Soy originaria de \u00c1frica Occidental y madre de dos hijos. Estaba casada, pero en 2011 mi exmarido me dej\u00f3, poniendo a nuestra familia en una situaci\u00f3n muy vulnerable. Empec\u00e9 a trabajar horas extras, pero incluso trabajando cincuenta horas o m\u00e1s a la semana, segu\u00eda teniendo dificultades para llegar a fin de mes. Me sent\u00eda insegura sobre nuestro futuro y no ten\u00eda tiempo para dedicar a mis hijos. Fue entonces cuando o\u00ed hablar de Capital IDEA, a trav\u00e9s de un compa\u00f1ero de trabajo.<\/p>\n<p>No pod\u00eda creer que me cubrieran la matr\u00edcula, las tasas, los libros y alguna ayuda para el cuidado de los ni\u00f1os. Era el apoyo que necesitaba para seguir por fin la carrera que siempre hab\u00eda querido. Me aceptaron en Capital IDEA y decid\u00ed seguir mi coraz\u00f3n y obtener un t\u00edtulo en Administraci\u00f3n de Redes. Mi orientador profesional me apoy\u00f3 mucho y Ron, el coordinador de empleadores, me ayud\u00f3 a conseguir unas pr\u00e1cticas remuneradas que me dieron experiencia pr\u00e1ctica.<\/p>\n<p>Ahora trabajo para el Condado de Travis y, aunque soy la \u00fanica mujer de mi equipo, me siento como en casa. Me encanta mi campo y quiero poner de mi parte para animar y orientar a otras mujeres a que sigan carreras tecnol\u00f3gicas. Tambi\u00e9n quiero devolver a la comunidad lo que me ha ayudado a alcanzar mis metas. Estoy muy implicada en el trabajo comunitario a trav\u00e9s de mi iglesia. Pero lo que m\u00e1s me enorgullece es ser un ejemplo para mis hijos y proporcionarles una vida mejor. Muchas gracias.<\/p>","protected":false},"excerpt":{"rendered":"<p>11 DE MARZO DE 2020 Este art\u00edculo destacado es una transcripci\u00f3n del discurso de aceptaci\u00f3n pronunciado por Aida Nacro en el almuerzo de celebraci\u00f3n de los logros de Capital IDEA el 5 de marzo de 2020. Aida recibi\u00f3...<\/p>","protected":false},"author":7,"featured_media":42033,"comment_status":"closed","ping_status":"closed","sticky":false,"template":"","format":"standard","meta":{"_acf_changed":false,"_price":"","_stock":"","_tribe_ticket_header":"","_tribe_default_ticket_provider":"","_tribe_ticket_capacity":"0","_ticket_start_date":"","_ticket_end_date":"","_tribe_ticket_show_description":"","_tribe_ticket_show_not_going":false,"_tribe_ticket_use_global_stock":"","_tribe_ticket_global_stock_level":"","_global_stock_mode":"","_global_stock_cap":"","_tribe_rsvp_for_event":"","_tribe_ticket_going_count":"","_tribe_ticket_not_going_count":"","_tribe_tickets_list":"[]","_tribe_ticket_has_attendee_info_fields":false,"footnotes":""},"categories":[108],"tags":[],"class_list":["post-9738","post","type-post","status-publish","format-standard","has-post-thumbnail","hentry","category-graduate-spotlights"],"acf":[],"yoast_head":"<!-- This site is optimized with the Yoast SEO Premium plugin v27.3 (Yoast SEO v27.3) - https:\/\/yoast.com\/product\/yoast-seo-premium-wordpress\/ -->\n<title>Graduate Spotlight: Aida Nacro, Mark Melliar-Smith Leadership Award | Capital IDEA<\/title>\n<meta name=\"robots\" content=\"index, follow, max-snippet:-1, max-image-preview:large, max-video-preview:-1\" \/>\n<link rel=\"canonical\" href=\"https:\/\/www.capitalidea.org\/es\/graduate-spotlight-aida-nacro\/\" \/>\n<meta property=\"og:locale\" content=\"es_MX\" \/>\n<meta property=\"og:type\" content=\"article\" \/>\n<meta property=\"og:title\" content=\"Graduate Spotlight: Aida Nacro, Mark Melliar-Smith Leadership Award\" \/>\n<meta property=\"og:description\" content=\"MARCH 11, 2020 This spotlight is a transcript of the acceptance speech given by Aida Nacro at the Capital IDEA Celebration of Achievements luncheon on March 5, 2020. Aida received&hellip;\" \/>\n<meta property=\"og:url\" content=\"https:\/\/www.capitalidea.org\/es\/graduate-spotlight-aida-nacro\/\" \/>\n<meta property=\"og:site_name\" content=\"Capital IDEA\" \/>\n<meta property=\"article:publisher\" content=\"https:\/\/www.facebook.com\/capitalidea.austin\/\" \/>\n<meta property=\"article:published_time\" content=\"2020-03-12T06:54:41+00:00\" \/>\n<meta property=\"article:modified_time\" content=\"2025-07-28T18:26:41+00:00\" \/>\n<meta property=\"og:image\" content=\"https:\/\/www.capitalidea.org\/wp-content\/uploads\/2025\/07\/student1-1.png\" \/>\n\t<meta property=\"og:image:width\" content=\"1200\" \/>\n\t<meta property=\"og:image:height\" content=\"628\" \/>\n\t<meta property=\"og:image:type\" content=\"image\/png\" \/>\n<meta name=\"author\" content=\"Andrew Dodson\" \/>\n<meta name=\"twitter:card\" content=\"summary_large_image\" \/>\n<meta name=\"twitter:label1\" content=\"Escrito por\" \/>\n\t<meta name=\"twitter:data1\" content=\"Andrew Dodson\" \/>\n\t<meta name=\"twitter:label2\" content=\"Tiempo de lectura\" \/>\n\t<meta name=\"twitter:data2\" content=\"3 minutos\" \/>\n<script type=\"application\/ld+json\" class=\"yoast-schema-graph\">{\"@context\":\"https:\\\/\\\/schema.org\",\"@graph\":[{\"@type\":\"Article\",\"@id\":\"https:\\\/\\\/www.capitalidea.org\\\/graduate-spotlight-aida-nacro\\\/#article\",\"isPartOf\":{\"@id\":\"https:\\\/\\\/www.capitalidea.org\\\/graduate-spotlight-aida-nacro\\\/\"},\"author\":{\"name\":\"Andrew Dodson\",\"@id\":\"https:\\\/\\\/www.capitalidea.org\\\/#\\\/schema\\\/person\\\/06f370e12675dd10ec1fd0995695aa36\"},\"headline\":\"Graduate Spotlight: Aida Nacro, Mark Melliar-Smith Leadership Award\",\"datePublished\":\"2020-03-12T06:54:41+00:00\",\"dateModified\":\"2025-07-28T18:26:41+00:00\",\"mainEntityOfPage\":{\"@id\":\"https:\\\/\\\/www.capitalidea.org\\\/graduate-spotlight-aida-nacro\\\/\"},\"wordCount\":607,\"publisher\":{\"@id\":\"https:\\\/\\\/www.capitalidea.org\\\/#organization\"},\"image\":{\"@id\":\"https:\\\/\\\/www.capitalidea.org\\\/graduate-spotlight-aida-nacro\\\/#primaryimage\"},\"thumbnailUrl\":\"https:\\\/\\\/www.capitalidea.org\\\/wp-content\\\/uploads\\\/2025\\\/07\\\/student1-1.png\",\"articleSection\":[\"Graduate Spotlights\"],\"inLanguage\":\"es\"},{\"@type\":\"WebPage\",\"@id\":\"https:\\\/\\\/www.capitalidea.org\\\/graduate-spotlight-aida-nacro\\\/\",\"url\":\"https:\\\/\\\/www.capitalidea.org\\\/graduate-spotlight-aida-nacro\\\/\",\"name\":\"Graduate Spotlight: Aida Nacro, Mark Melliar-Smith Leadership Award | Capital IDEA\",\"isPartOf\":{\"@id\":\"https:\\\/\\\/www.capitalidea.org\\\/#website\"},\"primaryImageOfPage\":{\"@id\":\"https:\\\/\\\/www.capitalidea.org\\\/graduate-spotlight-aida-nacro\\\/#primaryimage\"},\"image\":{\"@id\":\"https:\\\/\\\/www.capitalidea.org\\\/graduate-spotlight-aida-nacro\\\/#primaryimage\"},\"thumbnailUrl\":\"https:\\\/\\\/www.capitalidea.org\\\/wp-content\\\/uploads\\\/2025\\\/07\\\/student1-1.png\",\"datePublished\":\"2020-03-12T06:54:41+00:00\",\"dateModified\":\"2025-07-28T18:26:41+00:00\",\"breadcrumb\":{\"@id\":\"https:\\\/\\\/www.capitalidea.org\\\/graduate-spotlight-aida-nacro\\\/#breadcrumb\"},\"inLanguage\":\"es\",\"potentialAction\":[{\"@type\":\"ReadAction\",\"target\":[\"https:\\\/\\\/www.capitalidea.org\\\/graduate-spotlight-aida-nacro\\\/\"]}]},{\"@type\":\"ImageObject\",\"inLanguage\":\"es\",\"@id\":\"https:\\\/\\\/www.capitalidea.org\\\/graduate-spotlight-aida-nacro\\\/#primaryimage\",\"url\":\"https:\\\/\\\/www.capitalidea.org\\\/wp-content\\\/uploads\\\/2025\\\/07\\\/student1-1.png\",\"contentUrl\":\"https:\\\/\\\/www.capitalidea.org\\\/wp-content\\\/uploads\\\/2025\\\/07\\\/student1-1.png\",\"width\":1200,\"height\":628},{\"@type\":\"BreadcrumbList\",\"@id\":\"https:\\\/\\\/www.capitalidea.org\\\/graduate-spotlight-aida-nacro\\\/#breadcrumb\",\"itemListElement\":[{\"@type\":\"ListItem\",\"position\":1,\"name\":\"Home\",\"item\":\"https:\\\/\\\/www.capitalidea.org\\\/\"},{\"@type\":\"ListItem\",\"position\":2,\"name\":\"Graduate Spotlight: Aida Nacro, Mark Melliar-Smith Leadership Award\"}]},{\"@type\":\"WebSite\",\"@id\":\"https:\\\/\\\/www.capitalidea.org\\\/#website\",\"url\":\"https:\\\/\\\/www.capitalidea.org\\\/\",\"name\":\"Capital IDEA\",\"description\":\"\",\"publisher\":{\"@id\":\"https:\\\/\\\/www.capitalidea.org\\\/#organization\"},\"potentialAction\":[{\"@type\":\"SearchAction\",\"target\":{\"@type\":\"EntryPoint\",\"urlTemplate\":\"https:\\\/\\\/www.capitalidea.org\\\/?s={search_term_string}\"},\"query-input\":{\"@type\":\"PropertyValueSpecification\",\"valueRequired\":true,\"valueName\":\"search_term_string\"}}],\"inLanguage\":\"es\"},{\"@type\":\"Organization\",\"@id\":\"https:\\\/\\\/www.capitalidea.org\\\/#organization\",\"name\":\"Capital IDEA\",\"url\":\"https:\\\/\\\/www.capitalidea.org\\\/\",\"logo\":{\"@type\":\"ImageObject\",\"inLanguage\":\"es\",\"@id\":\"https:\\\/\\\/www.capitalidea.org\\\/#\\\/schema\\\/logo\\\/image\\\/\",\"url\":\"https:\\\/\\\/www.capitalidea.org\\\/wp-content\\\/uploads\\\/2025\\\/06\\\/logo-mark.svg\",\"contentUrl\":\"https:\\\/\\\/www.capitalidea.org\\\/wp-content\\\/uploads\\\/2025\\\/06\\\/logo-mark.svg\",\"width\":1,\"height\":1,\"caption\":\"Capital IDEA\"},\"image\":{\"@id\":\"https:\\\/\\\/www.capitalidea.org\\\/#\\\/schema\\\/logo\\\/image\\\/\"},\"sameAs\":[\"https:\\\/\\\/www.facebook.com\\\/capitalidea.austin\\\/\",\"https:\\\/\\\/www.instagram.com\\\/capital_idea_atx\\\/\",\"https:\\\/\\\/www.linkedin.com\\\/company\\\/capital-idea_2\",\"https:\\\/\\\/www.tiktok.com\\\/@capitalidea_atx\"]},{\"@type\":\"Person\",\"@id\":\"https:\\\/\\\/www.capitalidea.org\\\/#\\\/schema\\\/person\\\/06f370e12675dd10ec1fd0995695aa36\",\"name\":\"Andrew Dodson\",\"image\":{\"@type\":\"ImageObject\",\"inLanguage\":\"es\",\"@id\":\"https:\\\/\\\/secure.gravatar.com\\\/avatar\\\/5d3e5653c7e8814471d0e3c209c200657f11aa94fd151b1bd2351dfa5f2695c9?s=96&d=mm&r=g\",\"url\":\"https:\\\/\\\/secure.gravatar.com\\\/avatar\\\/5d3e5653c7e8814471d0e3c209c200657f11aa94fd151b1bd2351dfa5f2695c9?s=96&d=mm&r=g\",\"contentUrl\":\"https:\\\/\\\/secure.gravatar.com\\\/avatar\\\/5d3e5653c7e8814471d0e3c209c200657f11aa94fd151b1bd2351dfa5f2695c9?s=96&d=mm&r=g\",\"caption\":\"Andrew Dodson\"}}]}<\/script>\n<!-- \/ Yoast SEO Premium plugin. -->","yoast_head_json":{"title":"Graduada destacada: Aida Nacro, Premio al Liderazgo Mark Melliar-Smith | Capital IDEA","robots":{"index":"index","follow":"follow","max-snippet":"max-snippet:-1","max-image-preview":"max-image-preview:large","max-video-preview":"max-video-preview:-1"},"canonical":"https:\/\/www.capitalidea.org\/es\/graduate-spotlight-aida-nacro\/","og_locale":"es_MX","og_type":"article","og_title":"Graduate Spotlight: Aida Nacro, Mark Melliar-Smith Leadership Award","og_description":"MARCH 11, 2020 This spotlight is a transcript of the acceptance speech given by Aida Nacro at the Capital IDEA Celebration of Achievements luncheon on March 5, 2020. Aida received&hellip;","og_url":"https:\/\/www.capitalidea.org\/es\/graduate-spotlight-aida-nacro\/","og_site_name":"Capital IDEA","article_publisher":"https:\/\/www.facebook.com\/capitalidea.austin\/","article_published_time":"2020-03-12T06:54:41+00:00","article_modified_time":"2025-07-28T18:26:41+00:00","og_image":[{"width":1200,"height":628,"url":"https:\/\/www.capitalidea.org\/wp-content\/uploads\/2025\/07\/student1-1.png","type":"image\/png"}],"author":"Andrew Dodson","twitter_card":"summary_large_image","twitter_misc":{"Escrito por":"Andrew Dodson","Tiempo de lectura":"3 minutos"},"schema":{"@context":"https:\/\/schema.org","@graph":[{"@type":"Article","@id":"https:\/\/www.capitalidea.org\/graduate-spotlight-aida-nacro\/#article","isPartOf":{"@id":"https:\/\/www.capitalidea.org\/graduate-spotlight-aida-nacro\/"},"author":{"name":"Andrew Dodson","@id":"https:\/\/www.capitalidea.org\/#\/schema\/person\/06f370e12675dd10ec1fd0995695aa36"},"headline":"Graduate Spotlight: Aida Nacro, Mark Melliar-Smith Leadership Award","datePublished":"2020-03-12T06:54:41+00:00","dateModified":"2025-07-28T18:26:41+00:00","mainEntityOfPage":{"@id":"https:\/\/www.capitalidea.org\/graduate-spotlight-aida-nacro\/"},"wordCount":607,"publisher":{"@id":"https:\/\/www.capitalidea.org\/#organization"},"image":{"@id":"https:\/\/www.capitalidea.org\/graduate-spotlight-aida-nacro\/#primaryimage"},"thumbnailUrl":"https:\/\/www.capitalidea.org\/wp-content\/uploads\/2025\/07\/student1-1.png","articleSection":["Graduate Spotlights"],"inLanguage":"es"},{"@type":"WebPage","@id":"https:\/\/www.capitalidea.org\/graduate-spotlight-aida-nacro\/","url":"https:\/\/www.capitalidea.org\/graduate-spotlight-aida-nacro\/","name":"Graduada destacada: Aida Nacro, Premio al Liderazgo Mark Melliar-Smith | Capital IDEA","isPartOf":{"@id":"https:\/\/www.capitalidea.org\/#website"},"primaryImageOfPage":{"@id":"https:\/\/www.capitalidea.org\/graduate-spotlight-aida-nacro\/#primaryimage"},"image":{"@id":"https:\/\/www.capitalidea.org\/graduate-spotlight-aida-nacro\/#primaryimage"},"thumbnailUrl":"https:\/\/www.capitalidea.org\/wp-content\/uploads\/2025\/07\/student1-1.png","datePublished":"2020-03-12T06:54:41+00:00","dateModified":"2025-07-28T18:26:41+00:00","breadcrumb":{"@id":"https:\/\/www.capitalidea.org\/graduate-spotlight-aida-nacro\/#breadcrumb"},"inLanguage":"es","potentialAction":[{"@type":"ReadAction","target":["https:\/\/www.capitalidea.org\/graduate-spotlight-aida-nacro\/"]}]},{"@type":"ImageObject","inLanguage":"es","@id":"https:\/\/www.capitalidea.org\/graduate-spotlight-aida-nacro\/#primaryimage","url":"https:\/\/www.capitalidea.org\/wp-content\/uploads\/2025\/07\/student1-1.png","contentUrl":"https:\/\/www.capitalidea.org\/wp-content\/uploads\/2025\/07\/student1-1.png","width":1200,"height":628},{"@type":"BreadcrumbList","@id":"https:\/\/www.capitalidea.org\/graduate-spotlight-aida-nacro\/#breadcrumb","itemListElement":[{"@type":"ListItem","position":1,"name":"Home","item":"https:\/\/www.capitalidea.org\/"},{"@type":"ListItem","position":2,"name":"Graduate Spotlight: Aida Nacro, Mark Melliar-Smith Leadership Award"}]},{"@type":"WebSite","@id":"https:\/\/www.capitalidea.org\/#website","url":"https:\/\/www.capitalidea.org\/","name":"Capital IDEA","description":"","publisher":{"@id":"https:\/\/www.capitalidea.org\/#organization"},"potentialAction":[{"@type":"SearchAction","target":{"@type":"EntryPoint","urlTemplate":"https:\/\/www.capitalidea.org\/?s={search_term_string}"},"query-input":{"@type":"PropertyValueSpecification","valueRequired":true,"valueName":"search_term_string"}}],"inLanguage":"es"},{"@type":"Organization","@id":"https:\/\/www.capitalidea.org\/#organization","name":"Capital IDEA","url":"https:\/\/www.capitalidea.org\/","logo":{"@type":"ImageObject","inLanguage":"es","@id":"https:\/\/www.capitalidea.org\/#\/schema\/logo\/image\/","url":"https:\/\/www.capitalidea.org\/wp-content\/uploads\/2025\/06\/logo-mark.svg","contentUrl":"https:\/\/www.capitalidea.org\/wp-content\/uploads\/2025\/06\/logo-mark.svg","width":1,"height":1,"caption":"Capital IDEA"},"image":{"@id":"https:\/\/www.capitalidea.org\/#\/schema\/logo\/image\/"},"sameAs":["https:\/\/www.facebook.com\/capitalidea.austin\/","https:\/\/www.instagram.com\/capital_idea_atx\/","https:\/\/www.linkedin.com\/company\/capital-idea_2","https:\/\/www.tiktok.com\/@capitalidea_atx"]},{"@type":"Person","@id":"https:\/\/www.capitalidea.org\/#\/schema\/person\/06f370e12675dd10ec1fd0995695aa36","name":"Andrew Dodson","image":{"@type":"ImageObject","inLanguage":"es","@id":"https:\/\/secure.gravatar.com\/avatar\/5d3e5653c7e8814471d0e3c209c200657f11aa94fd151b1bd2351dfa5f2695c9?s=96&d=mm&r=g","url":"https:\/\/secure.gravatar.com\/avatar\/5d3e5653c7e8814471d0e3c209c200657f11aa94fd151b1bd2351dfa5f2695c9?s=96&d=mm&r=g","contentUrl":"https:\/\/secure.gravatar.com\/avatar\/5d3e5653c7e8814471d0e3c209c200657f11aa94fd151b1bd2351dfa5f2695c9?s=96&d=mm&r=g","caption":"Andrew Dodson"}}]}},"_links":{"self":[{"href":"https:\/\/www.capitalidea.org\/es\/wp-json\/wp\/v2\/posts\/9738","targetHints":{"allow":["GET"]}}],"collection":[{"href":"https:\/\/www.capitalidea.org\/es\/wp-json\/wp\/v2\/posts"}],"about":[{"href":"https:\/\/www.capitalidea.org\/es\/wp-json\/wp\/v2\/types\/post"}],"author":[{"embeddable":true,"href":"https:\/\/www.capitalidea.org\/es\/wp-json\/wp\/v2\/users\/7"}],"replies":[{"embeddable":true,"href":"https:\/\/www.capitalidea.org\/es\/wp-json\/wp\/v2\/comments?post=9738"}],"version-history":[{"count":3,"href":"https:\/\/www.capitalidea.org\/es\/wp-json\/wp\/v2\/posts\/9738\/revisions"}],"predecessor-version":[{"id":42032,"href":"https:\/\/www.capitalidea.org\/es\/wp-json\/wp\/v2\/posts\/9738\/revisions\/42032"}],"wp:featuredmedia":[{"embeddable":true,"href":"https:\/\/www.capitalidea.org\/es\/wp-json\/wp\/v2\/media\/42033"}],"wp:attachment":[{"href":"https:\/\/www.capitalidea.org\/es\/wp-json\/wp\/v2\/media?parent=9738"}],"wp:term":[{"taxonomy":"category","embeddable":true,"href":"https:\/\/www.capitalidea.org\/es\/wp-json\/wp\/v2\/categories?post=9738"},{"taxonomy":"post_tag","embeddable":true,"href":"https:\/\/www.capitalidea.org\/es\/wp-json\/wp\/v2\/tags?post=9738"}],"curies":[{"name":"wp","href":"https:\/\/api.w.org\/{rel}","templated":true}]}}