{"id":9738,"date":"2020-03-12T00:54:41","date_gmt":"2020-03-12T06:54:41","guid":{"rendered":"https:\/\/www.capitalidea.org\/graduate-spotlight-aida-nacro\/"},"modified":"2025-07-28T12:26:41","modified_gmt":"2025-07-28T18:26:41","slug":"graduate-spotlight-aida-nacro","status":"publish","type":"post","link":"https:\/\/www.capitalidea.org\/fr\/graduate-spotlight-aida-nacro\/","title":{"rendered":"Pleins feux sur les dipl\u00f4m\u00e9s : Aida Nacro, laur\u00e9ate du Mark Melliar-Smith Leadership Award"},"content":{"rendered":"<div style=\"width: 100%; margin-bottom: 20px; border-bottom: 2px solid #ff9e16; text-align: left;\">\n<p style=\"color:#888888;\">11 MARS 2020<\/p><\/div>\n<p><em>Ce spotlight est une transcription du discours d'acceptation prononc\u00e9 par Aida Nacro lors du d\u00e9jeuner Capital IDEA Celebration of Achievements le 5 mars 2020. Aida a re\u00e7u le prix Mark Melliar-Smith Leadership Award, pr\u00e9sent\u00e9 par Alyssia Palacio-Woods.<br \/>\n<\/em><\/p>\n<p><strong>REMISE DES PRIX<\/strong><br \/>\n<a href=\"#Aida\">&nbsp;&nbsp;<small><em>passer au discours d'A\u00efda<\/em><\/small><\/a><\/p>\n<p>Bonjour, je m'appelle Alyssia Palacio-Woods. Je suis pr\u00e9sidente-directrice g\u00e9n\u00e9rale de l'Austin Young Chamber et membre du conseil d'administration de Capital IDEA. Cette ann\u00e9e, j'ai l'honneur de remettre le prix Mark Melliar-Smith Leadership Award. Ce prix a \u00e9t\u00e9 cr\u00e9\u00e9 pour honorer et cultiver la tradition de leadership parmi les \u00e9tudiants et les dipl\u00f4m\u00e9s de Capital IDEA. Il porte le nom de Mark Melliar-Smith, ancien membre du conseil d'administration, dont le niveau d'implication et de d\u00e9vouement au cours de ses douze ann\u00e9es au sein du conseil d'administration sert d'exemple d'excellence en mati\u00e8re de leadership.<\/p>\n<p>Cette ann\u00e9e, le prix est d\u00e9cern\u00e9 \u00e0 Aida Nacro.<\/p>\n<p><img loading=\"lazy\" decoding=\"async\" class=\"aligncenter wp-image-35484\" style=\"float: right; margin-left: 25px;\" src=\"https:\/\/www.capitalidea.org\/wp-content\/uploads\/2025\/07\/Aida-at-work-scaled-2.jpg\" alt=\"\" width=\"275\" height=\"367\" \/><\/p>\n<p>Aida a obtenu son dipl\u00f4me d'administrateur r\u00e9seau au Austin Community College en 2016. Aida savait qu'elle voulait faire carri\u00e8re dans l'informatique, mais des obstacles dans sa vie l'ont emp\u00each\u00e9e de r\u00e9aliser ce r\u00eave. Elle a alors pos\u00e9 sa candidature \u00e0 Capital IDEA o\u00f9 elle a fait preuve de concentration, de d\u00e9termination et d'une grande motivation.<\/p>\n<p>Apr\u00e8s l'obtention de son dipl\u00f4me, Aida a pris le temps, dans son emploi du temps extr\u00eamement charg\u00e9, de d\u00e9fendre Capital IDEA en participant \u00e0 des r\u00e9unions sur la responsabilit\u00e9 avec des responsables locaux, en se rendant au Capitole et en repr\u00e9sentant Capital IDEA lors d'\u00e9v\u00e9nements avec des partenaires financiers. Aida a \u00e9galement \u00e9t\u00e9 membre et contributrice cl\u00e9 du comit\u00e9 d'action informatique, une collaboration communautaire qui a travaill\u00e9 pendant deux ans pour r\u00e9pondre \u00e0 un besoin critique de travailleurs informatiques form\u00e9s pour occuper les postes vacants. Le comit\u00e9 a fait d'\u00e9normes progr\u00e8s dans l'am\u00e9lioration de la capacit\u00e9 de notre communaut\u00e9 \u00e0 fournir la bonne formation et \u00e0 d\u00e9velopper une main-d'\u0153uvre locale dans le domaine des technologies de l'information.<\/p>\n<p>Aida a \u00e9galement assum\u00e9 un r\u00f4le de leader au sein de l'association des anciens \u00e9l\u00e8ves de Capital IDEA. <a name=\"Aida\"><\/a>Elle a r\u00e9ussi \u00e0 faire tout cela tout en travaillant \u00e0 plein temps comme administratrice de r\u00e9seau, en \u00e9levant seule ses deux enfants et en pr\u00e9parant sa licence en informatique.<\/p>\n<p>Aida, veuillez accepter ce prix en reconnaissance de votre leadership passionn\u00e9 et in\u00e9branlable.<\/p>\n<p><strong>DISCOURS D'ACCEPTATION D'AIDA NACRO<\/strong><\/p>\n<p><img loading=\"lazy\" decoding=\"async\" class=\"aligncenter wp-image-35496\" style=\"float: left; margin-right: 25px;\" src=\"https:\/\/www.capitalidea.org\/wp-content\/uploads\/2025\/07\/Aida_crop-1-249x300.jpg\" alt=\"\" width=\"275\" height=\"332\" \/>Bonjour, je m'appelle Aida Nacro et je suis heureuse d'\u00eatre ici aujourd'hui. Je suis originaire d'Afrique de l'Ouest et je suis m\u00e8re de deux enfants. J'\u00e9tais mari\u00e9e, mais en 2011, mon ex-mari est parti, pla\u00e7ant notre famille dans une position tr\u00e8s vuln\u00e9rable. J'ai commenc\u00e9 \u00e0 travailler \u00e0 temps partiel, mais m\u00eame en travaillant cinquante heures ou plus par semaine, j'avais du mal \u00e0 joindre les deux bouts. Je me sentais incertaine quant \u00e0 notre avenir et je n'avais pas de temps \u00e0 consacrer \u00e0 mes enfants. C'est alors que j'ai entendu parler de Capital IDEA, par l'interm\u00e9diaire d'un coll\u00e8gue de travail.<\/p>\n<p>Je n'arrivais pas \u00e0 croire qu'ils couvriraient mes frais de scolarit\u00e9, mes honoraires, mes livres et une partie de l'aide \u00e0 la garde d'enfants. C'\u00e9tait le soutien dont j'avais besoin pour enfin me lancer dans la carri\u00e8re que j'avais toujours voulue. J'ai \u00e9t\u00e9 accept\u00e9e \u00e0 Capital IDEA et j'ai d\u00e9cid\u00e9 de suivre mon c\u0153ur et d'obtenir un dipl\u00f4me en administration de r\u00e9seaux. Mon navigateur de carri\u00e8re m'a beaucoup soutenue et Ron, le coordinateur des employeurs, m'a aid\u00e9e \u00e0 obtenir un stage r\u00e9mun\u00e9r\u00e9, ce qui m'a permis d'acqu\u00e9rir une exp\u00e9rience pratique.<\/p>\n<p>Aujourd'hui, je travaille pour le comt\u00e9 de Travis et m\u00eame si je suis la seule femme de mon \u00e9quipe, je me sens chez moi. J'aime mon domaine et je veux contribuer \u00e0 encourager et \u00e0 encadrer d'autres femmes \u00e0 poursuivre des \u00e9tudes dans les carri\u00e8res technologiques. Je veux aussi rendre \u00e0 la communaut\u00e9 qui m'a aid\u00e9e \u00e0 atteindre mes objectifs. Je suis tr\u00e8s impliqu\u00e9e dans le travail communautaire par l'interm\u00e9diaire de mon \u00e9glise. Mais ce dont je suis le plus fi\u00e8re, c'est d'\u00eatre un exemple pour mes enfants et de leur offrir une vie meilleure. Je vous remercie.<\/p>","protected":false},"excerpt":{"rendered":"<p>11 MARS 2020 Cet article est la transcription du discours de remerciement prononc\u00e9 par Aida Nacro lors du d\u00e9jeuner \u00ab Capital IDEA Celebration of Achievements \u00bb (C\u00e9l\u00e9bration des r\u00e9alisations de Capital IDEA) le 5 mars 2020. Aida a re\u00e7u...<\/p>","protected":false},"author":7,"featured_media":42033,"comment_status":"closed","ping_status":"closed","sticky":false,"template":"","format":"standard","meta":{"_acf_changed":false,"_price":"","_stock":"","_tribe_ticket_header":"","_tribe_default_ticket_provider":"","_tribe_ticket_capacity":"0","_ticket_start_date":"","_ticket_end_date":"","_tribe_ticket_show_description":"","_tribe_ticket_show_not_going":false,"_tribe_ticket_use_global_stock":"","_tribe_ticket_global_stock_level":"","_global_stock_mode":"","_global_stock_cap":"","_tribe_rsvp_for_event":"","_tribe_ticket_going_count":"","_tribe_ticket_not_going_count":"","_tribe_tickets_list":"[]","_tribe_ticket_has_attendee_info_fields":false,"footnotes":""},"categories":[108],"tags":[],"class_list":["post-9738","post","type-post","status-publish","format-standard","has-post-thumbnail","hentry","category-graduate-spotlights"],"acf":[],"yoast_head":"<!-- This site is optimized with the Yoast SEO Premium plugin v27.3 (Yoast SEO v27.3) - https:\/\/yoast.com\/product\/yoast-seo-premium-wordpress\/ -->\n<title>Graduate Spotlight: Aida Nacro, Mark Melliar-Smith Leadership Award | Capital IDEA<\/title>\n<meta name=\"robots\" content=\"index, follow, max-snippet:-1, max-image-preview:large, max-video-preview:-1\" \/>\n<link rel=\"canonical\" href=\"https:\/\/www.capitalidea.org\/fr\/graduate-spotlight-aida-nacro\/\" \/>\n<meta property=\"og:locale\" content=\"fr_FR\" \/>\n<meta property=\"og:type\" content=\"article\" \/>\n<meta property=\"og:title\" content=\"Graduate Spotlight: Aida Nacro, Mark Melliar-Smith Leadership Award\" \/>\n<meta property=\"og:description\" content=\"MARCH 11, 2020 This spotlight is a transcript of the acceptance speech given by Aida Nacro at the Capital IDEA Celebration of Achievements luncheon on March 5, 2020. Aida received&hellip;\" \/>\n<meta property=\"og:url\" content=\"https:\/\/www.capitalidea.org\/fr\/graduate-spotlight-aida-nacro\/\" \/>\n<meta property=\"og:site_name\" content=\"Capital IDEA\" \/>\n<meta property=\"article:publisher\" content=\"https:\/\/www.facebook.com\/capitalidea.austin\/\" \/>\n<meta property=\"article:published_time\" content=\"2020-03-12T06:54:41+00:00\" \/>\n<meta property=\"article:modified_time\" content=\"2025-07-28T18:26:41+00:00\" \/>\n<meta property=\"og:image\" content=\"https:\/\/www.capitalidea.org\/wp-content\/uploads\/2025\/07\/student1-1.png\" \/>\n\t<meta property=\"og:image:width\" content=\"1200\" \/>\n\t<meta property=\"og:image:height\" content=\"628\" \/>\n\t<meta property=\"og:image:type\" content=\"image\/png\" \/>\n<meta name=\"author\" content=\"Andrew Dodson\" \/>\n<meta name=\"twitter:card\" content=\"summary_large_image\" \/>\n<meta name=\"twitter:label1\" content=\"\u00c9crit par\" \/>\n\t<meta name=\"twitter:data1\" content=\"Andrew Dodson\" \/>\n\t<meta name=\"twitter:label2\" content=\"Dur\u00e9e de lecture estim\u00e9e\" \/>\n\t<meta name=\"twitter:data2\" content=\"3 minutes\" \/>\n<script type=\"application\/ld+json\" class=\"yoast-schema-graph\">{\"@context\":\"https:\\\/\\\/schema.org\",\"@graph\":[{\"@type\":\"Article\",\"@id\":\"https:\\\/\\\/www.capitalidea.org\\\/graduate-spotlight-aida-nacro\\\/#article\",\"isPartOf\":{\"@id\":\"https:\\\/\\\/www.capitalidea.org\\\/graduate-spotlight-aida-nacro\\\/\"},\"author\":{\"name\":\"Andrew Dodson\",\"@id\":\"https:\\\/\\\/www.capitalidea.org\\\/#\\\/schema\\\/person\\\/06f370e12675dd10ec1fd0995695aa36\"},\"headline\":\"Graduate Spotlight: Aida Nacro, Mark Melliar-Smith Leadership Award\",\"datePublished\":\"2020-03-12T06:54:41+00:00\",\"dateModified\":\"2025-07-28T18:26:41+00:00\",\"mainEntityOfPage\":{\"@id\":\"https:\\\/\\\/www.capitalidea.org\\\/graduate-spotlight-aida-nacro\\\/\"},\"wordCount\":607,\"publisher\":{\"@id\":\"https:\\\/\\\/www.capitalidea.org\\\/#organization\"},\"image\":{\"@id\":\"https:\\\/\\\/www.capitalidea.org\\\/graduate-spotlight-aida-nacro\\\/#primaryimage\"},\"thumbnailUrl\":\"https:\\\/\\\/www.capitalidea.org\\\/wp-content\\\/uploads\\\/2025\\\/07\\\/student1-1.png\",\"articleSection\":[\"Graduate Spotlights\"],\"inLanguage\":\"fr-FR\"},{\"@type\":\"WebPage\",\"@id\":\"https:\\\/\\\/www.capitalidea.org\\\/graduate-spotlight-aida-nacro\\\/\",\"url\":\"https:\\\/\\\/www.capitalidea.org\\\/graduate-spotlight-aida-nacro\\\/\",\"name\":\"Graduate Spotlight: Aida Nacro, Mark Melliar-Smith Leadership Award | Capital IDEA\",\"isPartOf\":{\"@id\":\"https:\\\/\\\/www.capitalidea.org\\\/#website\"},\"primaryImageOfPage\":{\"@id\":\"https:\\\/\\\/www.capitalidea.org\\\/graduate-spotlight-aida-nacro\\\/#primaryimage\"},\"image\":{\"@id\":\"https:\\\/\\\/www.capitalidea.org\\\/graduate-spotlight-aida-nacro\\\/#primaryimage\"},\"thumbnailUrl\":\"https:\\\/\\\/www.capitalidea.org\\\/wp-content\\\/uploads\\\/2025\\\/07\\\/student1-1.png\",\"datePublished\":\"2020-03-12T06:54:41+00:00\",\"dateModified\":\"2025-07-28T18:26:41+00:00\",\"breadcrumb\":{\"@id\":\"https:\\\/\\\/www.capitalidea.org\\\/graduate-spotlight-aida-nacro\\\/#breadcrumb\"},\"inLanguage\":\"fr-FR\",\"potentialAction\":[{\"@type\":\"ReadAction\",\"target\":[\"https:\\\/\\\/www.capitalidea.org\\\/graduate-spotlight-aida-nacro\\\/\"]}]},{\"@type\":\"ImageObject\",\"inLanguage\":\"fr-FR\",\"@id\":\"https:\\\/\\\/www.capitalidea.org\\\/graduate-spotlight-aida-nacro\\\/#primaryimage\",\"url\":\"https:\\\/\\\/www.capitalidea.org\\\/wp-content\\\/uploads\\\/2025\\\/07\\\/student1-1.png\",\"contentUrl\":\"https:\\\/\\\/www.capitalidea.org\\\/wp-content\\\/uploads\\\/2025\\\/07\\\/student1-1.png\",\"width\":1200,\"height\":628},{\"@type\":\"BreadcrumbList\",\"@id\":\"https:\\\/\\\/www.capitalidea.org\\\/graduate-spotlight-aida-nacro\\\/#breadcrumb\",\"itemListElement\":[{\"@type\":\"ListItem\",\"position\":1,\"name\":\"Home\",\"item\":\"https:\\\/\\\/www.capitalidea.org\\\/\"},{\"@type\":\"ListItem\",\"position\":2,\"name\":\"Graduate Spotlight: Aida Nacro, Mark Melliar-Smith Leadership Award\"}]},{\"@type\":\"WebSite\",\"@id\":\"https:\\\/\\\/www.capitalidea.org\\\/#website\",\"url\":\"https:\\\/\\\/www.capitalidea.org\\\/\",\"name\":\"Capital IDEA\",\"description\":\"\",\"publisher\":{\"@id\":\"https:\\\/\\\/www.capitalidea.org\\\/#organization\"},\"potentialAction\":[{\"@type\":\"SearchAction\",\"target\":{\"@type\":\"EntryPoint\",\"urlTemplate\":\"https:\\\/\\\/www.capitalidea.org\\\/?s={search_term_string}\"},\"query-input\":{\"@type\":\"PropertyValueSpecification\",\"valueRequired\":true,\"valueName\":\"search_term_string\"}}],\"inLanguage\":\"fr-FR\"},{\"@type\":\"Organization\",\"@id\":\"https:\\\/\\\/www.capitalidea.org\\\/#organization\",\"name\":\"Capital IDEA\",\"url\":\"https:\\\/\\\/www.capitalidea.org\\\/\",\"logo\":{\"@type\":\"ImageObject\",\"inLanguage\":\"fr-FR\",\"@id\":\"https:\\\/\\\/www.capitalidea.org\\\/#\\\/schema\\\/logo\\\/image\\\/\",\"url\":\"https:\\\/\\\/www.capitalidea.org\\\/wp-content\\\/uploads\\\/2025\\\/06\\\/logo-mark.svg\",\"contentUrl\":\"https:\\\/\\\/www.capitalidea.org\\\/wp-content\\\/uploads\\\/2025\\\/06\\\/logo-mark.svg\",\"width\":1,\"height\":1,\"caption\":\"Capital IDEA\"},\"image\":{\"@id\":\"https:\\\/\\\/www.capitalidea.org\\\/#\\\/schema\\\/logo\\\/image\\\/\"},\"sameAs\":[\"https:\\\/\\\/www.facebook.com\\\/capitalidea.austin\\\/\",\"https:\\\/\\\/www.instagram.com\\\/capital_idea_atx\\\/\",\"https:\\\/\\\/www.linkedin.com\\\/company\\\/capital-idea_2\",\"https:\\\/\\\/www.tiktok.com\\\/@capitalidea_atx\"]},{\"@type\":\"Person\",\"@id\":\"https:\\\/\\\/www.capitalidea.org\\\/#\\\/schema\\\/person\\\/06f370e12675dd10ec1fd0995695aa36\",\"name\":\"Andrew Dodson\",\"image\":{\"@type\":\"ImageObject\",\"inLanguage\":\"fr-FR\",\"@id\":\"https:\\\/\\\/secure.gravatar.com\\\/avatar\\\/5d3e5653c7e8814471d0e3c209c200657f11aa94fd151b1bd2351dfa5f2695c9?s=96&d=mm&r=g\",\"url\":\"https:\\\/\\\/secure.gravatar.com\\\/avatar\\\/5d3e5653c7e8814471d0e3c209c200657f11aa94fd151b1bd2351dfa5f2695c9?s=96&d=mm&r=g\",\"contentUrl\":\"https:\\\/\\\/secure.gravatar.com\\\/avatar\\\/5d3e5653c7e8814471d0e3c209c200657f11aa94fd151b1bd2351dfa5f2695c9?s=96&d=mm&r=g\",\"caption\":\"Andrew Dodson\"}}]}<\/script>\n<!-- \/ Yoast SEO Premium plugin. -->","yoast_head_json":{"title":"Pleins feux sur une dipl\u00f4m\u00e9e : Aida Nacro, prix Mark Melliar-Smith Leadership Award | Capital IDEA","robots":{"index":"index","follow":"follow","max-snippet":"max-snippet:-1","max-image-preview":"max-image-preview:large","max-video-preview":"max-video-preview:-1"},"canonical":"https:\/\/www.capitalidea.org\/fr\/graduate-spotlight-aida-nacro\/","og_locale":"fr_FR","og_type":"article","og_title":"Graduate Spotlight: Aida Nacro, Mark Melliar-Smith Leadership Award","og_description":"MARCH 11, 2020 This spotlight is a transcript of the acceptance speech given by Aida Nacro at the Capital IDEA Celebration of Achievements luncheon on March 5, 2020. Aida received&hellip;","og_url":"https:\/\/www.capitalidea.org\/fr\/graduate-spotlight-aida-nacro\/","og_site_name":"Capital IDEA","article_publisher":"https:\/\/www.facebook.com\/capitalidea.austin\/","article_published_time":"2020-03-12T06:54:41+00:00","article_modified_time":"2025-07-28T18:26:41+00:00","og_image":[{"width":1200,"height":628,"url":"https:\/\/www.capitalidea.org\/wp-content\/uploads\/2025\/07\/student1-1.png","type":"image\/png"}],"author":"Andrew Dodson","twitter_card":"summary_large_image","twitter_misc":{"\u00c9crit par":"Andrew Dodson","Dur\u00e9e de lecture estim\u00e9e":"3 minutes"},"schema":{"@context":"https:\/\/schema.org","@graph":[{"@type":"Article","@id":"https:\/\/www.capitalidea.org\/graduate-spotlight-aida-nacro\/#article","isPartOf":{"@id":"https:\/\/www.capitalidea.org\/graduate-spotlight-aida-nacro\/"},"author":{"name":"Andrew Dodson","@id":"https:\/\/www.capitalidea.org\/#\/schema\/person\/06f370e12675dd10ec1fd0995695aa36"},"headline":"Graduate Spotlight: Aida Nacro, Mark Melliar-Smith Leadership Award","datePublished":"2020-03-12T06:54:41+00:00","dateModified":"2025-07-28T18:26:41+00:00","mainEntityOfPage":{"@id":"https:\/\/www.capitalidea.org\/graduate-spotlight-aida-nacro\/"},"wordCount":607,"publisher":{"@id":"https:\/\/www.capitalidea.org\/#organization"},"image":{"@id":"https:\/\/www.capitalidea.org\/graduate-spotlight-aida-nacro\/#primaryimage"},"thumbnailUrl":"https:\/\/www.capitalidea.org\/wp-content\/uploads\/2025\/07\/student1-1.png","articleSection":["Graduate Spotlights"],"inLanguage":"fr-FR"},{"@type":"WebPage","@id":"https:\/\/www.capitalidea.org\/graduate-spotlight-aida-nacro\/","url":"https:\/\/www.capitalidea.org\/graduate-spotlight-aida-nacro\/","name":"Pleins feux sur une dipl\u00f4m\u00e9e : Aida Nacro, prix Mark Melliar-Smith Leadership Award | Capital IDEA","isPartOf":{"@id":"https:\/\/www.capitalidea.org\/#website"},"primaryImageOfPage":{"@id":"https:\/\/www.capitalidea.org\/graduate-spotlight-aida-nacro\/#primaryimage"},"image":{"@id":"https:\/\/www.capitalidea.org\/graduate-spotlight-aida-nacro\/#primaryimage"},"thumbnailUrl":"https:\/\/www.capitalidea.org\/wp-content\/uploads\/2025\/07\/student1-1.png","datePublished":"2020-03-12T06:54:41+00:00","dateModified":"2025-07-28T18:26:41+00:00","breadcrumb":{"@id":"https:\/\/www.capitalidea.org\/graduate-spotlight-aida-nacro\/#breadcrumb"},"inLanguage":"fr-FR","potentialAction":[{"@type":"ReadAction","target":["https:\/\/www.capitalidea.org\/graduate-spotlight-aida-nacro\/"]}]},{"@type":"ImageObject","inLanguage":"fr-FR","@id":"https:\/\/www.capitalidea.org\/graduate-spotlight-aida-nacro\/#primaryimage","url":"https:\/\/www.capitalidea.org\/wp-content\/uploads\/2025\/07\/student1-1.png","contentUrl":"https:\/\/www.capitalidea.org\/wp-content\/uploads\/2025\/07\/student1-1.png","width":1200,"height":628},{"@type":"BreadcrumbList","@id":"https:\/\/www.capitalidea.org\/graduate-spotlight-aida-nacro\/#breadcrumb","itemListElement":[{"@type":"ListItem","position":1,"name":"Home","item":"https:\/\/www.capitalidea.org\/"},{"@type":"ListItem","position":2,"name":"Graduate Spotlight: Aida Nacro, Mark Melliar-Smith Leadership Award"}]},{"@type":"WebSite","@id":"https:\/\/www.capitalidea.org\/#website","url":"https:\/\/www.capitalidea.org\/","name":"Capital IDEA","description":"","publisher":{"@id":"https:\/\/www.capitalidea.org\/#organization"},"potentialAction":[{"@type":"SearchAction","target":{"@type":"EntryPoint","urlTemplate":"https:\/\/www.capitalidea.org\/?s={search_term_string}"},"query-input":{"@type":"PropertyValueSpecification","valueRequired":true,"valueName":"search_term_string"}}],"inLanguage":"fr-FR"},{"@type":"Organization","@id":"https:\/\/www.capitalidea.org\/#organization","name":"Capital IDEA","url":"https:\/\/www.capitalidea.org\/","logo":{"@type":"ImageObject","inLanguage":"fr-FR","@id":"https:\/\/www.capitalidea.org\/#\/schema\/logo\/image\/","url":"https:\/\/www.capitalidea.org\/wp-content\/uploads\/2025\/06\/logo-mark.svg","contentUrl":"https:\/\/www.capitalidea.org\/wp-content\/uploads\/2025\/06\/logo-mark.svg","width":1,"height":1,"caption":"Capital IDEA"},"image":{"@id":"https:\/\/www.capitalidea.org\/#\/schema\/logo\/image\/"},"sameAs":["https:\/\/www.facebook.com\/capitalidea.austin\/","https:\/\/www.instagram.com\/capital_idea_atx\/","https:\/\/www.linkedin.com\/company\/capital-idea_2","https:\/\/www.tiktok.com\/@capitalidea_atx"]},{"@type":"Person","@id":"https:\/\/www.capitalidea.org\/#\/schema\/person\/06f370e12675dd10ec1fd0995695aa36","name":"Andrew Dodson","image":{"@type":"ImageObject","inLanguage":"fr-FR","@id":"https:\/\/secure.gravatar.com\/avatar\/5d3e5653c7e8814471d0e3c209c200657f11aa94fd151b1bd2351dfa5f2695c9?s=96&d=mm&r=g","url":"https:\/\/secure.gravatar.com\/avatar\/5d3e5653c7e8814471d0e3c209c200657f11aa94fd151b1bd2351dfa5f2695c9?s=96&d=mm&r=g","contentUrl":"https:\/\/secure.gravatar.com\/avatar\/5d3e5653c7e8814471d0e3c209c200657f11aa94fd151b1bd2351dfa5f2695c9?s=96&d=mm&r=g","caption":"Andrew Dodson"}}]}},"_links":{"self":[{"href":"https:\/\/www.capitalidea.org\/fr\/wp-json\/wp\/v2\/posts\/9738","targetHints":{"allow":["GET"]}}],"collection":[{"href":"https:\/\/www.capitalidea.org\/fr\/wp-json\/wp\/v2\/posts"}],"about":[{"href":"https:\/\/www.capitalidea.org\/fr\/wp-json\/wp\/v2\/types\/post"}],"author":[{"embeddable":true,"href":"https:\/\/www.capitalidea.org\/fr\/wp-json\/wp\/v2\/users\/7"}],"replies":[{"embeddable":true,"href":"https:\/\/www.capitalidea.org\/fr\/wp-json\/wp\/v2\/comments?post=9738"}],"version-history":[{"count":3,"href":"https:\/\/www.capitalidea.org\/fr\/wp-json\/wp\/v2\/posts\/9738\/revisions"}],"predecessor-version":[{"id":42032,"href":"https:\/\/www.capitalidea.org\/fr\/wp-json\/wp\/v2\/posts\/9738\/revisions\/42032"}],"wp:featuredmedia":[{"embeddable":true,"href":"https:\/\/www.capitalidea.org\/fr\/wp-json\/wp\/v2\/media\/42033"}],"wp:attachment":[{"href":"https:\/\/www.capitalidea.org\/fr\/wp-json\/wp\/v2\/media?parent=9738"}],"wp:term":[{"taxonomy":"category","embeddable":true,"href":"https:\/\/www.capitalidea.org\/fr\/wp-json\/wp\/v2\/categories?post=9738"},{"taxonomy":"post_tag","embeddable":true,"href":"https:\/\/www.capitalidea.org\/fr\/wp-json\/wp\/v2\/tags?post=9738"}],"curies":[{"name":"wp","href":"https:\/\/api.w.org\/{rel}","templated":true}]}}